{
    "title": "MSF au Brussels Short Film Festival 2026 ",
    "modified_at": "2026-04-27 10:27:38",
    "published_at": "2026-04-27 10:28:00",
    "url": "https://press.msf-azg.be/msf-au-brussels-short-film-festival-2026",
    "short_url": "http://prez.ly/cKDd",
    "culture": "fr",
    "language": "FR",
    "subtitle": "Le cin\u00e9ma peut parfois rapprocher des r\u00e9alit\u00e9s qui semblent lointaines. Dans le cadre du Brussels Short Film Festival, M\u00e9decins Sans Fronti\u00e8res proposera, ce mardi 28 avril 2026 \u00e0 19:30 au cin\u00e9ma Flagey, une s\u00e9ance sp\u00e9ciale de courts-m\u00e9trages qui plongent le public au c\u0153ur de contextes humanitaires contemporains.  ",
    "slug": "msf-au-brussels-short-film-festival-2026",
    "body": "<p style=\"text-align: left\">&Agrave; travers une s&eacute;lection de 5 courts-m&eacute;trage, cette projection explore diff&eacute;rentes r&eacute;alit&eacute;s auxquelles les &eacute;quipes de MSF sont confront&eacute;es : les cons&eacute;quences des conflits, les d&eacute;placements de populations ou encore les d&eacute;fis de l&rsquo;acc&egrave;s aux soins dans des contextes de crise. </p><p style=\"text-align: left\">De la r&eacute;alit&eacute; d&rsquo;une &eacute;quipe m&eacute;dicale dans un h&ocirc;pital bunker en Ukraine &agrave; l&rsquo;impact des d&eacute;placements forc&eacute;s &agrave; Gaza, d&rsquo;un centre de sant&eacute; en R&eacute;publique centrafricaine aux c&ocirc;tes libyennes, en passant par Marseille, ces films nous emm&egrave;nent au plus pr&egrave;s des &eacute;quipes de MSF et de leurs patients.</p><p style=\"text-align: left\">La projection sera suivie d&rsquo;une <strong>discussion avec des membres de MSF</strong>, qui partageront leur exp&eacute;rience des projets humanitaires et reviendront sur les histoires et les contextes &eacute;voqu&eacute;s dans les films. </p><p style=\"text-align: left\">Parmi eux, <strong>Juliette Seguin, Country et Emergency Coordinator</strong> chez M&eacute;decins Sans Fronti&egrave;res, qui a travaill&eacute; ces derni&egrave;res ann&eacute;es en Ha&iuml;ti, en R&eacute;publique d&eacute;mocratique du Congo, en Ukraine et sur la crise &agrave; Gaza ;<strong> Julien Dewarichet, membre de l&rsquo;&eacute;quipe audiovisuelle de MSF Belgique</strong>, qui a notamment travaill&eacute; sur certains des courts m&eacute;trages diffus&eacute;s lors de cette s&eacute;ance ; ainsi que <strong>Kristel Eerdekens, directrice adjointe de MSF</strong>. </p><p style=\"text-align: left\"><u><strong>Infos pratiques</strong></u></p><ul class=\"release-content-list release-content-list--bulleted release-content-list--align-inherit\"><li><span>Mardi 28 avril 2026 </span></li><li><span>19:30 - 21:30 </span></li><li><span>Flagey, Bruxelles (Flagey 1) </span></li><li><span>Plus d&#039;infos : <a href=\"https://bsff.be/programme/edition-2026/musts/medecins-sans-frontieres/\" target=\"_blank\" rel=\"noreferrer noopener\">M&eacute;decins Sans Fronti&egrave;res &ndash; Brussels Short Film Festival</a></span></li></ul><div class=\"release-content-contact\" id=\"contact-ab48a36e-ac2d-4fde-ac2c-a0aa8b6aad17\">\n    \n    <div class=\"release-content-contact__details\">\n        <strong class=\"release-content-contact__name\">Quentin Barrea</strong>\n        <em class=\"release-content-contact__description\">Press &amp; Media FR, M&eacute;decins Sans Fronti&egrave;res</em>\n        <ul class=\"release-content-contact__details-list\"><li class=\"release-content-contact__details-list-item\"><a href=\"mailto:quentin.barrea@brussels.msf.org\"  class=\"release-content-contact__details-list-item-link\" title=\"quentin.barrea@brussels.msf.org\"><svg class=\"icon icon-paper-plane release-content-contact__details-list-item-icon\">\n                <use xlink:href=\"#icon-paper-plane\"></use>\n            </svg>quentin.barrea@brussels.msf.org</a></li>\n<li class=\"release-content-contact__details-list-item\"><a href=\"tel:+32 (0) 475 40 60 76\"  class=\"release-content-contact__details-list-item-link\" title=\"+32 (0) 475 40 60 76\"><svg class=\"icon icon-phone release-content-contact__details-list-item-icon\">\n                <use xlink:href=\"#icon-phone\"></use>\n            </svg>+32 (0) 475 40 60 76</a></li>\n<li class=\"release-content-contact__details-list-item\"><a href=\"https://www.msf.be\" target=\"_blank\" rel=\"noopener noreferrer\" class=\"release-content-contact__details-list-item-link\" title=\"msf.be\"><svg class=\"icon icon-browser release-content-contact__details-list-item-icon\">\n                <use xlink:href=\"#icon-browser\"></use>\n            </svg>msf.be</a></li></ul>\n    </div>\n</div><p style=\"text-align: left\">&nbsp;</p><p>&nbsp;</p>",
    "header": {
        "large": "https://cdn.uc.assets.prezly.com/09c2d166-ae7d-440b-9d1e-8e0aa95ba3b0/-/format/auto/",
        "release": "https://cdn.uc.assets.prezly.com/09c2d166-ae7d-440b-9d1e-8e0aa95ba3b0/-/format/auto/"
    },
    "contacts": [
        {
            "name": "Quentin Barrea",
            "company": "M\u00e9decins Sans Fronti\u00e8res",
            "description": "Press & Media FR",
            "email": "quentin.barrea@brussels.msf.org",
            "website": "https://www.msf.be",
            "address": null,
            "telephone": "+32 (0) 475 40 60 76",
            "mobile": null,
            "twitter": null,
            "facebook": null
        }
    ],
    "author": {
        "first_name": "Quentin",
        "last_name": "Barrea"
    },
    "format_version": 5
}