{
    "title": "Bombard\u00e9, pill\u00e9, vandalis\u00e9 : MSF contrainte de fermer l\u2019h\u00f4pital de Lankien au Soudan du Sud apr\u00e8s 31 ans de pr\u00e9sence",
    "modified_at": "2026-04-30 11:04:27",
    "published_at": "2026-04-30 11:01:00",
    "url": "https://press.msf-azg.be/bombarde-pille-vandalise-msf-contrainte-de-fermer-lhopital-de-lankien-apres-31-ans-de-presence",
    "short_url": "http://prez.ly/FhEd",
    "culture": "fr",
    "language": "FR",
    "subtitle": "Juba, 30 avril 2026 \u2013 M\u00e9decins Sans Fronti\u00e8res (MSF) a \u00e9t\u00e9 contrainte de fermer d\u00e9finitivement son h\u00f4pital \u00e0 Lankien, dans l\u2019\u00c9tat de Jonglei, au Soudan du Sud, apr\u00e8s le bombardement du 3 f\u00e9vrier dernier. Cette fermeture marque la fin de 31 ann\u00e9es de soutien m\u00e9dical continu \u00e0 une communaut\u00e9 dont l\u2019acc\u00e8s aux soins est d\u00e9j\u00e0 extr\u00eamement limit\u00e9. MSF appelle toutes les parties au conflit \u00e0 mettre fin aux attaques contre les structures m\u00e9dicales et le personnel de sant\u00e9, et demande l\u2019ouverture d\u2019une enqu\u00eate ind\u00e9pendante et impartiale sur cet incident.",
    "slug": "bombarde-pille-vandalise-msf-contrainte-de-fermer-lhopital-de-lankien-apres-31-ans-de-presence",
    "body": "<p>Nous avons &eacute;t&eacute; contraints de suspendre toutes nos activit&eacute;s m&eacute;dicales le 3 f&eacute;vrier, apr&egrave;s qu&rsquo;une bombe largu&eacute;e depuis un avion a frapp&eacute; l&rsquo;entrep&ocirc;t situ&eacute; dans l&rsquo;enceinte de l&rsquo;h&ocirc;pital, d&eacute;truisant des fournitures m&eacute;dicales et d&rsquo;autres ressources essentielles. Bien que nous ne soyons pas en mesure de confirmer quelle partie au conflit en cours au Soudan du Sud est responsable, &agrave; notre connaissance, seules les forces gouvernementales disposent de capacit&eacute;s de bombardement a&eacute;rien. Dans les jours qui ont suivi la frappe, les forces gouvernementales &eacute;taient signal&eacute;es comme contr&ocirc;lant la zone de Lankien. L&rsquo;h&ocirc;pital a &eacute;t&eacute; pill&eacute;, en partie incendi&eacute;, et les structures restantes vandalis&eacute;es, laissant un site d&eacute;vast&eacute;. &Agrave; ce stade, MSF n&rsquo;est pas en mesure de confirmer quelle partie est responsable des pillages et des actes de vandalisme.</p><blockquote><em>&laquo; Nous sommes indign&eacute;s par ce que nous avons r&eacute;cemment constat&eacute; &agrave; l&rsquo;h&ocirc;pital &raquo;,</em> d&eacute;clare Gul Badshah, responsable des op&eacute;rations de MSF. <em>&laquo; Le niveau de destruction d&eacute;passe tout ce que nous pouvions imaginer. Nous avons vu des impacts de balles sur les pare-brises de nos v&eacute;hicules, nos entrep&ocirc;ts de mat&eacute;riel m&eacute;dical r&eacute;duits en cendres, et des &eacute;quipements p&eacute;diatriques pris pour cible et d&eacute;truits. &raquo;</em></blockquote><p>Quelques heures avant l&rsquo;attaque du 3 f&eacute;vrier, l&rsquo;h&ocirc;pital de Lankien avait &eacute;t&eacute; &eacute;vacu&eacute; et les patients autoris&eacute;s &agrave; rentrer chez eux, face &agrave; l&rsquo;intensification des tensions dans la zone. Selon les informations disponibles, la population a fui Lankien apr&egrave;s le bombardement de l&rsquo;h&ocirc;pital et du march&eacute; de la ville ce jour-l&agrave;.</p><p>La destruction de notre h&ocirc;pital &agrave; Lankien n&rsquo;est pas un cas isol&eacute;, mais s&rsquo;inscrit dans une tendance plus large et profond&eacute;ment pr&eacute;occupante de violences contre les soins de sant&eacute; au Soudan du Sud. Depuis le d&eacute;but de l&rsquo;ann&eacute;e 2025, les installations et le personnel de MSF ont &eacute;t&eacute; concern&eacute;s par au moins 12 attaques et incidents violents. Ces &eacute;v&eacute;nements r&eacute;p&eacute;t&eacute;s ont entra&icirc;n&eacute; la fermeture de quatre h&ocirc;pitaux &mdash; Ulang, Old Fangak, Akobo et d&eacute;sormais Lankien &mdash; privant ainsi des centaines de milliers de personnes d&rsquo;acc&egrave;s aux soins m&eacute;dicaux. Comme trop souvent, ce sont les populations qui paient le prix &eacute;lev&eacute; des attaques contre les structures de sant&eacute;.</p><blockquote><em>&laquo; Les attaques contre les &eacute;tablissements de sant&eacute;, les personnels m&eacute;dicaux et les civils sont inacceptables et doivent cesser &raquo;</em>, insiste Badshah. <em>&laquo; Les forces gouvernementales et d&rsquo;opposition, ainsi que tous les autres groupes arm&eacute;s, doivent assumer pleinement leurs responsabilit&eacute;s. Elles doivent pr&eacute;venir toute attaque contre les personnels et les structures de sant&eacute;, ainsi que contre les civils, et respecter le droit international humanitaire et ses principes, notamment ceux de distinction et de proportionnalit&eacute;. &raquo;</em></blockquote><p>MSF appelle les autorit&eacute;s sud-soudanaises &agrave; fournir des explications transparentes, &agrave; garantir que les responsabilit&eacute;s soient &eacute;tablies et &agrave; prendre des mesures concr&egrave;tes pour prot&eacute;ger les soins de sant&eacute; et les activit&eacute;s humanitaires.</p><p><em>MSF travaillait &agrave; Lankien depuis 1995, initialement pour r&eacute;pondre au kala-azar, une maladie tropicale n&eacute;glig&eacute;e. Au fil des ann&eacute;es, nos activit&eacute;s se sont progressivement d&eacute;velopp&eacute;es et l&rsquo;h&ocirc;pital est devenu la seule structure de soins de niveau avanc&eacute; dans la r&eacute;gion. Avant sa destruction, environ 250 000 personnes d&eacute;pendaient de cet h&ocirc;pital pour acc&eacute;der &agrave; des soins vitaux. Sa fermeture d&eacute;finitive laisse aujourd&rsquo;hui les communaut&eacute;s sans services de sant&eacute; et les expose &agrave; des d&eacute;c&egrave;s pourtant &eacute;vitables.</em></p><div class=\"release-content-contact\" id=\"contact-3bdea360-f1c0-4515-8480-cc261d694b2f\">\n    \n    <div class=\"release-content-contact__details\">\n        <strong class=\"release-content-contact__name\">Quentin Barrea</strong>\n        <em class=\"release-content-contact__description\">Press &amp; Media FR, M&eacute;decins Sans Fronti&egrave;res</em>\n        <ul class=\"release-content-contact__details-list\"><li class=\"release-content-contact__details-list-item\"><a href=\"mailto:quentin.barrea@brussels.msf.org\"  class=\"release-content-contact__details-list-item-link\" title=\"quentin.barrea@brussels.msf.org\"><svg class=\"icon icon-paper-plane release-content-contact__details-list-item-icon\">\n                <use xlink:href=\"#icon-paper-plane\"></use>\n            </svg>quentin.barrea@brussels.msf.org</a></li>\n<li class=\"release-content-contact__details-list-item\"><a href=\"tel:+32 (0) 475 40 60 76\"  class=\"release-content-contact__details-list-item-link\" title=\"+32 (0) 475 40 60 76\"><svg class=\"icon icon-phone release-content-contact__details-list-item-icon\">\n                <use xlink:href=\"#icon-phone\"></use>\n            </svg>+32 (0) 475 40 60 76</a></li>\n<li class=\"release-content-contact__details-list-item\"><a href=\"https://www.msf.be\" target=\"_blank\" rel=\"noopener noreferrer\" class=\"release-content-contact__details-list-item-link\" title=\"msf.be\"><svg class=\"icon icon-browser release-content-contact__details-list-item-icon\">\n                <use xlink:href=\"#icon-browser\"></use>\n            </svg>msf.be</a></li></ul>\n    </div>\n</div><p> </p><p>&nbsp;</p>",
    "header": {
        "large": "https://cdn.uc.assets.prezly.com/80aeb1f5-5598-4193-b627-5d2698ec8786/-/format/auto/",
        "release": "https://cdn.uc.assets.prezly.com/80aeb1f5-5598-4193-b627-5d2698ec8786/-/format/auto/"
    },
    "contacts": [
        {
            "name": "Quentin Barrea",
            "company": "M\u00e9decins Sans Fronti\u00e8res",
            "description": "Press & Media FR",
            "email": "quentin.barrea@brussels.msf.org",
            "website": "https://www.msf.be",
            "address": null,
            "telephone": "+32 (0) 475 40 60 76",
            "mobile": null,
            "twitter": null,
            "facebook": null
        }
    ],
    "author": {
        "first_name": "Quentin",
        "last_name": "Barrea"
    },
    "format_version": 5
}